{"id":10496,"date":"2019-05-16T15:44:30","date_gmt":"2019-05-16T15:44:30","guid":{"rendered":"https:\/\/www.santamariadelapaz.org\/?page_id=10496"},"modified":"2024-01-04T15:18:55","modified_gmt":"2024-01-04T15:18:55","slug":"san-ivo","status":"publish","type":"post","link":"https:\/\/santamariadelapaz.org\/wp\/san-ivo\/","title":{"rendered":"San Ivo"},"content":{"rendered":"<p><a href=\"https:\/\/www.santamariadelapaz.org\/wp-content\/uploads\/2019\/05\/web-saint-may-19-ivo-of-brittany-public-domain.jpg\"><img loading=\"lazy\" decoding=\"async\" class=\"alignnone size-full wp-image-10497\" src=\"https:\/\/www.santamariadelapaz.org\/wp-content\/uploads\/2019\/05\/web-saint-may-19-ivo-of-brittany-public-domain.jpg\" alt=\"\" width=\"620\" height=\"310\" \/><\/a><\/p>\n<p><span style=\"font-size: 14pt;\">A\u00f1o 1303. San Ivo, al cual los juristas de muchos pa\u00edses tienen como patrono, naci\u00f3 en la provincia de Breta\u00f1a ( Francia).<\/span><\/p>\n<p><span style=\"font-size: 14pt;\">Su padre lo envi\u00f3 a estudiar a la Universidad de Par\u00eds, obtuvo su doctorado como abogado. \u201cCiertos malos esp\u00edritus no se alejan sino con la oraci\u00f3n y la mortificaci\u00f3n\u201d (Mc. 9,29), oy\u00f3 estas palabras de Jes\u00fas y se propuso dedicar buen tiempo cada d\u00eda a la oraci\u00f3n y mortificarse, en las miradas, en las comidas, el lujo en el vestir, y en descansos que no fueran necesarios.<\/span><\/p>\n<p><span style=\"font-size: 14pt;\">Empez\u00f3 a abstenerse de comer carne y nunca tomaba bebidas alcoh\u00f3licas. Vest\u00eda pobremente y lo que ahorraba, lo dedicaba a ayudar a los pobres. Al volver a Breta\u00f1a fue nombrado juez del tribunal y en el ejercicio de su cargo se dedic\u00f3 a proteger a los hu\u00e9rfanos, defender a los m\u00e1s pobres. Su gran bondad le gan\u00f3 el t\u00edtulo de \u201cAbogado de los pobres\u201d.<\/span><\/p>\n","protected":false},"excerpt":{"rendered":"<p>A\u00f1o 1303. San Ivo, al cual los juristas de muchos pa\u00edses tienen como patrono, naci\u00f3 en la provincia de Breta\u00f1a ( Francia). Su padre lo envi\u00f3 a estudiar a la Universidad de Par\u00eds, obtuvo su doctorado como abogado. \u201cCiertos malos esp\u00edritus no se alejan sino con la oraci\u00f3n y la mortificaci\u00f3n\u201d (Mc. 9,29), oy\u00f3 estas [&hellip;]<\/p>\n","protected":false},"author":1,"featured_media":0,"comment_status":"closed","ping_status":"closed","sticky":false,"template":"","format":"standard","meta":{"footnotes":""},"categories":[],"tags":[],"class_list":["post-10496","post","type-post","status-publish","format-standard","hentry"],"_links":{"self":[{"href":"https:\/\/santamariadelapaz.org\/wp\/wp-json\/wp\/v2\/posts\/10496","targetHints":{"allow":["GET"]}}],"collection":[{"href":"https:\/\/santamariadelapaz.org\/wp\/wp-json\/wp\/v2\/posts"}],"about":[{"href":"https:\/\/santamariadelapaz.org\/wp\/wp-json\/wp\/v2\/types\/post"}],"author":[{"embeddable":true,"href":"https:\/\/santamariadelapaz.org\/wp\/wp-json\/wp\/v2\/users\/1"}],"replies":[{"embeddable":true,"href":"https:\/\/santamariadelapaz.org\/wp\/wp-json\/wp\/v2\/comments?post=10496"}],"version-history":[{"count":1,"href":"https:\/\/santamariadelapaz.org\/wp\/wp-json\/wp\/v2\/posts\/10496\/revisions"}],"predecessor-version":[{"id":56334,"href":"https:\/\/santamariadelapaz.org\/wp\/wp-json\/wp\/v2\/posts\/10496\/revisions\/56334"}],"wp:attachment":[{"href":"https:\/\/santamariadelapaz.org\/wp\/wp-json\/wp\/v2\/media?parent=10496"}],"wp:term":[{"taxonomy":"category","embeddable":true,"href":"https:\/\/santamariadelapaz.org\/wp\/wp-json\/wp\/v2\/categories?post=10496"},{"taxonomy":"post_tag","embeddable":true,"href":"https:\/\/santamariadelapaz.org\/wp\/wp-json\/wp\/v2\/tags?post=10496"}],"curies":[{"name":"wp","href":"https:\/\/api.w.org\/{rel}","templated":true}]}}