{"id":10955,"date":"2019-05-31T14:41:44","date_gmt":"2019-05-31T14:41:44","guid":{"rendered":"https:\/\/santamariadelapaz.org\/?page_id=10955"},"modified":"2024-01-04T15:18:54","modified_gmt":"2024-01-04T15:18:54","slug":"san-francisco-caracciolo","status":"publish","type":"post","link":"https:\/\/santamariadelapaz.org\/wp\/san-francisco-caracciolo\/","title":{"rendered":"San Francisco Caracciolo"},"content":{"rendered":"<p><a href=\"https:\/\/santamariadelapaz.org\/wp-content\/uploads\/2019\/05\/maxresdefault.jpg\"><img loading=\"lazy\" decoding=\"async\" class=\"alignnone size-full wp-image-10957\" src=\"https:\/\/santamariadelapaz.org\/wp-content\/uploads\/2019\/05\/maxresdefault.jpg\" alt=\"\" width=\"1280\" height=\"720\" \/><\/a><\/p>\n<p>A los 22 a\u00f1os, le dio una enfermedad terrible a la piel, semejante a la lepra, y todos cre\u00edan que ser\u00eda incurable. Entonces Francisco le hizo a Dios esta promesa: \u00abSi me curas de esta enfermedad, dedicar\u00e9 mi vida al sacerdocio y al apostolado\u00bb. As\u00ed, curado de milagro, decidi\u00f3 cumplir con su promesa y empez\u00f3 a prepararse para el sacerdocio. Se fue a N\u00e1poles, y all\u00e1, apenas ordenado sacerdote se uni\u00f3 a un grupo de apostolado que se dedicaba a atender a los presos de las c\u00e1rceles.<\/p>\n<p>En el a\u00f1o 1588 un gran ap\u00f3stol llamado Juan Adorno, dispuso fundar una comunidad religiosa que dedicara la mitad del tiempo a la oraci\u00f3n y la otra mitad al apostolado. Para esto mand\u00f3 una carta a un tal Ascanio Caracciolo, pidi\u00e9ndole consejos acerca de este proyecto y proponiendo su colaboraci\u00f3n. Pero, sucedi\u00f3 que los que llevaban la carta se equivocaron de destinatario y en vez de entregarla a Ascanio la entregaron a san Francisco Caracciolo. El, al leerla encontr\u00f3 que esta comunidad era lo que \u00e9l hab\u00eda deseado por muchos a\u00f1os y junto con Juan Adorno fundaron la nueva congregaci\u00f3n luego de 40 d\u00edas de retiro espiritual en un monasterio de camaldulenses.<\/p>\n<p>La nueva comunidad recibi\u00f3 el nombre de \u00abCl\u00e9rigos regulares\u00bb.<\/p>\n<p>Entre las normas de su reglamento se encontraban:<\/p>\n<p>Cada d\u00eda alguno de los religiosos har\u00e1 ayuno (por que Jes\u00fas dijo: \u00abCiertos esp\u00edritus malos no se alejan sino con la oraci\u00f3n y el ayuno\u00bb).<\/p>\n<p>Todo lo religioso pasar\u00e1 cada d\u00eda al menos una hora en el templo en oraci\u00f3n ante el Sant\u00edsimo Sacramento.<\/p>\n<p>Los religiosos prometer\u00e1n no aspirar a cargos importantes ni a altos puestos.<\/p>\n<p>El Papa Sixto V aprob\u00f3 la nueva Congregaci\u00f3n, y les fue concedida una casa junto a la famosa Bas\u00edlica Santa Mar\u00eda la Mayor. Pronto empezaron a llegarles muchos j\u00f3venes con la aspiraci\u00f3n de pertenecer a la comunidad. Los fervorosos religiosos se dedicaban a predicar misiones por pueblos y veredas y a hacer apostolados en las c\u00e1rceles y hospitales. Ten\u00edan ciertos sitios apartados y solitarios para dedicarse a la oraci\u00f3n y a la meditaci\u00f3n.<\/p>\n<p>Al morir su compa\u00f1ero a los 40 a\u00f1os, fue nombrado nuestro santo como superior general de la Congregaci\u00f3n.<\/p>\n<p>Pose\u00eda el don de curaciones. Muchas veces con la se\u00f1al de la cruz devolv\u00eda la salud a los enfermos. Fund\u00f3 una gran casa religiosa en N\u00e1poles, que pronto se llen\u00f3 de nuevos religiosos. Fund\u00f3 tambi\u00e9n casas en Madrid, Valladolid y Alcal\u00e1 en Espa\u00f1a.<\/p>\n<p>En 1607 renunci\u00f3 a todos sus cargos y se dedic\u00f3 a la oraci\u00f3n y a la meditaci\u00f3n. En su habitaci\u00f3n, en N\u00e1poles lo encontraron varias veces en el suelo, con los brazos en cruz, en \u00e9xtasis, orando y mirando al crucifijo absorto.<\/p>\n<p>Las personas lo llamaban \u00abEl predicador del amor de Dios\u00bb porque predicaba constantemente la misericordia que Dios tiene con los pecadores. Adem\u00e1s era fiel devoto de la Sant\u00edsima Virgen.<\/p>\n<p>Comenz\u00f3 a sentirse enfermo el 1 de Junio, esto hizo que le mandara una carta a sus hermanos pidi\u00e9ndoles que sean fieles a la regla. Luego de comulgar y recibir los sacramentos exclamaba \u00abV\u00e1monos, v\u00e1monos\u00bb. Uno de los presente le pregunt\u00f3: &#8211; \u00bfA d\u00f3nde quieres ir Padre Francisco?\u00bb y \u00e9l respondi\u00f3: \u00ab\u00a1Al cielo, al cielo!<\/p>\n<p>Muri\u00f3 el 4 de junio del a\u00f1o 1608. Ten\u00eda apenas 44 a\u00f1os. Su cuerpo, despu\u00e9s de muerto desped\u00eda suaves fragancias que por tres d\u00edas llenaron aquel recinto.<\/p>\n<p>Fue canonizado en 1807.<\/p>\n","protected":false},"excerpt":{"rendered":"<p>A los 22 a\u00f1os, le dio una enfermedad terrible a la piel, semejante a la lepra, y todos cre\u00edan que ser\u00eda incurable. Entonces Francisco le hizo a Dios esta promesa: \u00abSi me curas de esta enfermedad, dedicar\u00e9 mi vida al sacerdocio y al apostolado\u00bb. As\u00ed, curado de milagro, decidi\u00f3 cumplir con su promesa y empez\u00f3 [&hellip;]<\/p>\n","protected":false},"author":1,"featured_media":0,"comment_status":"closed","ping_status":"closed","sticky":false,"template":"","format":"standard","meta":{"footnotes":""},"categories":[],"tags":[],"class_list":["post-10955","post","type-post","status-publish","format-standard","hentry"],"_links":{"self":[{"href":"https:\/\/santamariadelapaz.org\/wp\/wp-json\/wp\/v2\/posts\/10955","targetHints":{"allow":["GET"]}}],"collection":[{"href":"https:\/\/santamariadelapaz.org\/wp\/wp-json\/wp\/v2\/posts"}],"about":[{"href":"https:\/\/santamariadelapaz.org\/wp\/wp-json\/wp\/v2\/types\/post"}],"author":[{"embeddable":true,"href":"https:\/\/santamariadelapaz.org\/wp\/wp-json\/wp\/v2\/users\/1"}],"replies":[{"embeddable":true,"href":"https:\/\/santamariadelapaz.org\/wp\/wp-json\/wp\/v2\/comments?post=10955"}],"version-history":[{"count":1,"href":"https:\/\/santamariadelapaz.org\/wp\/wp-json\/wp\/v2\/posts\/10955\/revisions"}],"predecessor-version":[{"id":56324,"href":"https:\/\/santamariadelapaz.org\/wp\/wp-json\/wp\/v2\/posts\/10955\/revisions\/56324"}],"wp:attachment":[{"href":"https:\/\/santamariadelapaz.org\/wp\/wp-json\/wp\/v2\/media?parent=10955"}],"wp:term":[{"taxonomy":"category","embeddable":true,"href":"https:\/\/santamariadelapaz.org\/wp\/wp-json\/wp\/v2\/categories?post=10955"},{"taxonomy":"post_tag","embeddable":true,"href":"https:\/\/santamariadelapaz.org\/wp\/wp-json\/wp\/v2\/tags?post=10955"}],"curies":[{"name":"wp","href":"https:\/\/api.w.org\/{rel}","templated":true}]}}