{"id":13442,"date":"2019-07-10T19:23:08","date_gmt":"2019-07-10T19:23:08","guid":{"rendered":"https:\/\/santamariadelapaz.org\/?page_id=13442"},"modified":"2024-01-04T15:18:51","modified_gmt":"2024-01-04T15:18:51","slug":"kateri-tekakwitha","status":"publish","type":"post","link":"https:\/\/santamariadelapaz.org\/wp\/kateri-tekakwitha\/","title":{"rendered":"Kateri Tekakwitha"},"content":{"rendered":"<div class=\"post__author-date\"><\/div>\n<div class=\"post__content\"><img loading=\"lazy\" decoding=\"async\" class=\"right\" src=\"https:\/\/preguntasantoral.blogia.com\/upload\/20120118195111-w34.jpg\" alt=\"Los milagros de Kateri Tekakwitha\" width=\"416\" height=\"569\" \/><strong>Pregunta:\u00a0<\/strong>Hola hermano. Hoy le\u00ed con agrado que se ha aprobado, entre otros, un milagro atribuido a la intercesi\u00f3n de la beata Cateri Tekakwita, cuya historia le\u00ed una vez con admiraci\u00f3n. Tengo una estampa de ella que me mandaron de Canad\u00e1, en donde muri\u00f3. \u00bfTen\u00e9s informaci\u00f3n sobre ella? Querr\u00eda saber cu\u00e1les son los dos milagros que posibilitaron su beatificaci\u00f3n y su canonizaci\u00f3n, respectivamente.<\/p>\n<p><strong>Respuesta:\u00a0<\/strong>Hola querido hermano y colaborador. S\u00ed que recientemente (<em>el 19 de diciembre pasado<\/em>) se ha aprobado el milagro necesario para la canonizaci\u00f3n de la\u00a0<strong>Beata Tekakwitha<\/strong>, o\u00a0<strong>Kateri<\/strong>\u00a0(<span class=\"st\"><em>17 de abril, Canad\u00e1; 14 de julio, Estados Unidos<\/em>)<\/span>, como fue bautizada y es m\u00e1s conocida, nombre que es equivalente al conocido nombre \u00ab<em>cristiano<\/em>\u00bb Catalina. El milagro ha sucedido en Estados Unidos, en 2006 y desde esa fecha se investiga. Es curioso que el ni\u00f1o agraciado padec\u00eda, como la Beata, una afecci\u00f3n deformante y que perteneciera a una estirpe ind\u00edgena. Adem\u00e1s de la curaci\u00f3n, el ni\u00f1o tuvo una experiencia m\u00edstica. No lo voy a contar, pues lo pod\u00e9is leer ampliamente en otros sitios de internet, con m\u00e1s detalles, fotograf\u00edas y mejor redactado que por mi, por ejemplo, aqu\u00ed:\u00a0<a title=\"Milagro de Kateri\" href=\"http:\/\/www.caminocatolico.org\/home\/index.php\/testimonios\/2749-el-nino-jake-finkbonner-protagonista-del-milagro-que-lleva-a-los-altares-a-santa-kateri-al-ser-curado-de-una-bacteria-devoradora-de-carne-en-la-cara\"><strong>Milagro de la Beata Tekakwitha<\/strong><\/a>.<\/p>\n<p>Y en cuanto a los milagros que se exigen para proceder a realizar la beatificaci\u00f3n, hay que decir que en el caso de Tekakwitha, no existen, o al menos no se investigaron. Bast\u00f3 la fama de santidad que ya ten\u00eda, y los testimonios que se hab\u00edan recogido desde su muerte en 1680, entre los que constan curaciones, conversiones y hechos milagrosos, para que Juan Pablo II la beatificara en 1980. Cuando el proceso se impuls\u00f3 definitivamente, esos datos fueron tomados, seg\u00fan la investigaci\u00f3n m\u00e9dica y las posibilidades reales investigaci\u00f3n y discernimiento de la iglesia norteamericana del siglo XVII. No es caso \u00fanico, ni escandaloso, pues no es del todo obligatorio que el papa tenga que seguir la norma de requerir milagros para una beatificaci\u00f3n o canonizaci\u00f3n. Ya lo hizo el mismo Juan Pablo II con\u00a0<strong>Fray Ang\u00e9lico<\/strong>\u00a0(<em>4 de febrero<\/em>),\u00a0<strong>Jun\u00edpero Serra<\/strong>(<em>28 de agosto<\/em>), o\u00a0<strong>Eduviges de Polonia<\/strong>\u00a0(<em>17 de julio<\/em>). Y lo har\u00e1 pr\u00f3ximamente Benedicto XVI con\u00a0<strong>Hidegarda de Bingen<\/strong>\u00a0(<em>17 de septiembre<\/em>), tenida y celebrada lit\u00fargicamente como santa, pero nunca formalmente canonizad<\/p>\n<\/div>\n","protected":false},"excerpt":{"rendered":"<p>Pregunta:\u00a0Hola hermano. Hoy le\u00ed con agrado que se ha aprobado, entre otros, un milagro atribuido a la intercesi\u00f3n de la beata Cateri Tekakwita, cuya historia le\u00ed una vez con admiraci\u00f3n. Tengo una estampa de ella que me mandaron de Canad\u00e1, en donde muri\u00f3. \u00bfTen\u00e9s informaci\u00f3n sobre ella? Querr\u00eda saber cu\u00e1les son los dos milagros que [&hellip;]<\/p>\n","protected":false},"author":1,"featured_media":0,"comment_status":"closed","ping_status":"closed","sticky":false,"template":"","format":"standard","meta":{"footnotes":""},"categories":[],"tags":[],"class_list":["post-13442","post","type-post","status-publish","format-standard","hentry"],"_links":{"self":[{"href":"https:\/\/santamariadelapaz.org\/wp\/wp-json\/wp\/v2\/posts\/13442","targetHints":{"allow":["GET"]}}],"collection":[{"href":"https:\/\/santamariadelapaz.org\/wp\/wp-json\/wp\/v2\/posts"}],"about":[{"href":"https:\/\/santamariadelapaz.org\/wp\/wp-json\/wp\/v2\/types\/post"}],"author":[{"embeddable":true,"href":"https:\/\/santamariadelapaz.org\/wp\/wp-json\/wp\/v2\/users\/1"}],"replies":[{"embeddable":true,"href":"https:\/\/santamariadelapaz.org\/wp\/wp-json\/wp\/v2\/comments?post=13442"}],"version-history":[{"count":1,"href":"https:\/\/santamariadelapaz.org\/wp\/wp-json\/wp\/v2\/posts\/13442\/revisions"}],"predecessor-version":[{"id":56211,"href":"https:\/\/santamariadelapaz.org\/wp\/wp-json\/wp\/v2\/posts\/13442\/revisions\/56211"}],"wp:attachment":[{"href":"https:\/\/santamariadelapaz.org\/wp\/wp-json\/wp\/v2\/media?parent=13442"}],"wp:term":[{"taxonomy":"category","embeddable":true,"href":"https:\/\/santamariadelapaz.org\/wp\/wp-json\/wp\/v2\/categories?post=13442"},{"taxonomy":"post_tag","embeddable":true,"href":"https:\/\/santamariadelapaz.org\/wp\/wp-json\/wp\/v2\/tags?post=13442"}],"curies":[{"name":"wp","href":"https:\/\/api.w.org\/{rel}","templated":true}]}}