{"id":15088,"date":"2019-08-02T15:37:06","date_gmt":"2019-08-02T15:37:06","guid":{"rendered":"https:\/\/santamariadelapaz.org\/?page_id=15088"},"modified":"2024-01-04T15:18:50","modified_gmt":"2024-01-04T15:18:50","slug":"dedicacion-de-la-basilica-de-santa-maria","status":"publish","type":"post","link":"https:\/\/santamariadelapaz.org\/wp\/dedicacion-de-la-basilica-de-santa-maria\/","title":{"rendered":"Dedicaci\u00f3n de la bas\u00edlica de Santa Mar\u00eda"},"content":{"rendered":"<div class=\"post-thumb-cont\"><img loading=\"lazy\" decoding=\"async\" class=\"post-thumb\" src=\"https:\/\/aleteiaspanish.files.wordpress.com\/2018\/07\/web-saint-aug-05-the-dedication-of-the-basilica-of-st-mary-major-fr-lawrence-lew-cc.jpg?quality=100&amp;strip=all&amp;w=620&amp;h=310&amp;crop=1\" alt=\"DEDICATION\" width=\"620\" height=\"310\" \/><\/div>\n<div id=\"sharebar-bottom-image\" class=\"oas_ \">\n<div class=\"right-side\">\n<div class=\"cont\">\n<div class=\"fa fa-print\">Dedicaci\u00f3n de la bas\u00edlica de Santa Mar\u00eda, en Roma, construida en el monte Esquilino y ofrecida por el papa Sixto III al pueblo de Dios como recuerdo del Concilio de \u00c9feso, en el que la Virgen Mar\u00eda fue proclamada Madre de Dios.<\/div>\n<\/div>\n<\/div>\n<\/div>\n<div class=\"post-text\">\n<div data-io-article-url=\"https:\/\/es.aleteia.org\/daily-prayer\/domingo-05-de-agosto\/\">\n<p>En el dia de hoy se celebra la dedicaci\u00f3n de la tercera de las bas\u00edlicas patriarcales del interior de Roma. Originalmente se llamaba \u00abBas\u00edlica Liberiana\u00bb, porque hab\u00eda sido construida en la \u00e9poca del Papa Liberio, a mediados del siglo IV. M\u00e1s tarde, el a\u00f1o 434, fue restaurada y recibi\u00f3 el nombre de Santa Mar\u00eda la Mayor, por ser en dignidad y antig\u00fcedad la primera de las iglesias de la Ciudad Eterna consagradas a la Madre de Dios, en homenaje al recientemente celebrado Concilio de \u00c9feso (431).<\/p>\n<p>Tambi\u00e9n se conoce la bas\u00edlica con el nombre de \u00abSanta Mar\u00eda ad praesepe\u00bb, porque en ella se conserva la supuesta reliquia del pesebre de Bel\u00e9n en el que descans\u00f3 el Se\u00f1or al nacer; y m\u00e1s usual aun es el nombre de \u00abSanta Mar\u00eda de las Nieves\u00bb, ya que, seg\u00fan una tradici\u00f3n popular, en \u00e9poca del papa Liberio (es decir, en la primera etapa de la bas\u00edlica) la Madre de Dios manifest\u00f3 que deseaba que se le erigiese una iglesia en ese sitio, mediante una nevada milagrosa en pleno verano.\u00a0Sin embargo, la primera menci\u00f3n que conocemos de ese milagro data de un siglo despu\u00e9s de los hechos, y el milagro no es mencionado en la inscripci\u00f3n de Sixto III en la restauraci\u00f3n de la iglesia. Dicha inscrpci\u00f3n dice:<\/p>\n<p>\u00ab\u00a1Virgen Mar\u00eda!, yo, Sixto te he dedicado este nuevo templo como ofrenda digna de las entra\u00f1as de las que naci\u00f3 nuestro Salvador. T\u00fa, doncella que no conociste var\u00f3n, llevaste en tu seno y diste a luz a nuestro Salvador. Y he aqu\u00ed que ahora estos m\u00e1rtires, que con su vida dieron testimonio del Fruto de tu vientre, ci\u00f1en sobre tus sienes la corona de su victoria. Bajo sus pies est\u00e1n los instrumentos de sus sufrimientos: la espada, las llamas, las fieras, el agua, los crueles venenos. Los instrumentos son diversos, pero la corona es \u00fanica.\u00bb, y sobre el arco del \u00e1bside: \u00abSixto, obispo del pueblo de Dios\u00bb.<\/p>\n<\/div>\n<\/div>\n","protected":false},"excerpt":{"rendered":"<p>Dedicaci\u00f3n de la bas\u00edlica de Santa Mar\u00eda, en Roma, construida en el monte Esquilino y ofrecida por el papa Sixto III al pueblo de Dios como recuerdo del Concilio de \u00c9feso, en el que la Virgen Mar\u00eda fue proclamada Madre de Dios. En el dia de hoy se celebra la dedicaci\u00f3n de la tercera de [&hellip;]<\/p>\n","protected":false},"author":1,"featured_media":0,"comment_status":"closed","ping_status":"closed","sticky":false,"template":"","format":"standard","meta":{"footnotes":""},"categories":[],"tags":[],"class_list":["post-15088","post","type-post","status-publish","format-standard","hentry"],"_links":{"self":[{"href":"https:\/\/santamariadelapaz.org\/wp\/wp-json\/wp\/v2\/posts\/15088","targetHints":{"allow":["GET"]}}],"collection":[{"href":"https:\/\/santamariadelapaz.org\/wp\/wp-json\/wp\/v2\/posts"}],"about":[{"href":"https:\/\/santamariadelapaz.org\/wp\/wp-json\/wp\/v2\/types\/post"}],"author":[{"embeddable":true,"href":"https:\/\/santamariadelapaz.org\/wp\/wp-json\/wp\/v2\/users\/1"}],"replies":[{"embeddable":true,"href":"https:\/\/santamariadelapaz.org\/wp\/wp-json\/wp\/v2\/comments?post=15088"}],"version-history":[{"count":1,"href":"https:\/\/santamariadelapaz.org\/wp\/wp-json\/wp\/v2\/posts\/15088\/revisions"}],"predecessor-version":[{"id":56164,"href":"https:\/\/santamariadelapaz.org\/wp\/wp-json\/wp\/v2\/posts\/15088\/revisions\/56164"}],"wp:attachment":[{"href":"https:\/\/santamariadelapaz.org\/wp\/wp-json\/wp\/v2\/media?parent=15088"}],"wp:term":[{"taxonomy":"category","embeddable":true,"href":"https:\/\/santamariadelapaz.org\/wp\/wp-json\/wp\/v2\/categories?post=15088"},{"taxonomy":"post_tag","embeddable":true,"href":"https:\/\/santamariadelapaz.org\/wp\/wp-json\/wp\/v2\/tags?post=15088"}],"curies":[{"name":"wp","href":"https:\/\/api.w.org\/{rel}","templated":true}]}}