{"id":19634,"date":"2019-10-04T18:56:09","date_gmt":"2019-10-04T18:56:09","guid":{"rendered":"https:\/\/santamariadelapaz.org\/?page_id=19634"},"modified":"2024-01-09T08:11:49","modified_gmt":"2024-01-09T13:11:49","slug":"santos-zacarias-e-isabel","status":"publish","type":"post","link":"https:\/\/santamariadelapaz.org\/wp\/santos-zacarias-e-isabel\/","title":{"rendered":"Santos Zacar\u00edas e Isabel"},"content":{"rendered":"<p><img loading=\"lazy\" decoding=\"async\" src=\"https:\/\/www.aciprensa.com\/santos\/images\/ZacariasIsabel_05Noviembre.jpg\" width=\"590\" height=\"328\" \/><\/p>\n<p>La fama de estos dos santos se debe a que fueron los pap\u00e1s de San Juan Bautista.<\/p>\n<p>El nombre de Zacar\u00edas, significa: \u00abDios se acord\u00f3 de m\u00ed\u00bb.<\/p>\n<p>Isabel quiere decir: \u00abConsagrada a Dios\u00bb.<\/p>\n<p>La bella historia de estos dos santos esposos la cuenta San Lucas en el primer cap\u00edtulo de su evangelio.<\/p>\n<p>\u00abHubo en tiempos del rey Herodes un sacerdote llamado Zacar\u00edas, casado con Isabel, una mujer descendiente del hermano de Mois\u00e9s, el sumo sacerdote Aar\u00f3n\u00bb.<\/p>\n<p>De estos dos esposos hace el evangelio un elogio formidable. Dice as\u00ed: \u00abLos dos llevaban una vida santa, eran justos ante Dios, y observaban con exactitud todos los mandamientos y preceptos del Se\u00f1or\u00bb. Ojal\u00e1 de cada uno de nuestros hogares se pudiera decir algo semejante. Ser\u00eda maravilloso.<\/p>\n<p>Dice San Lucas: \u00abZacar\u00edas e Isabel no ten\u00edan hijos, porque ella era est\u00e9ril. Adem\u00e1s ya los dos eran de avanzada edad\u00bb.<\/p>\n<p>Y un d\u00eda, cuando a Zacar\u00edas le correspondi\u00f3 el turno de subir al altar (detr\u00e1s del velo) a ofrecer incienso, toda la multitud estaba afuera rezando.<\/p>\n<p>Y se le apareci\u00f3 el \u00c1ngel del Se\u00f1or, y Zacar\u00edas al verlo se llen\u00f3 de temor y un gran terror se apoder\u00f3 de \u00e9l. El \u00e1ngel le dijo: \u00abNo tema Zacar\u00edas, porque su petici\u00f3n ha sido escuchada. Isabel su mujer, dar\u00e1 a luz un hijo, a quien pondr\u00e1n por nombre Juan. \u00c9l ser\u00e1 para ustedes gozo y alegr\u00eda, y muchos se alegrar\u00e1n por su nacimiento, porque ser\u00e1 grande ante el Se\u00f1or; no beber\u00e1 licores; estar\u00e1 lleno del Esp\u00edritu Santo, y convertir\u00e1 a muchos hacia Dios, y tendr\u00e1 el esp\u00edritu del profeta El\u00edas, para preparar al Se\u00f1or un pueblo bien dispuesto\u00bb.<\/p>\n<p>Zacar\u00edas le dijo al \u00e1ngel: \u00ab\u00bfC\u00f3mo puedo saber que esto que me dice s\u00ed es cierto? Porque yo soy muy viejo e Isabel mi esposa es est\u00e9ril\u00bb. El \u00e1ngel le dijo: \u00abYo soy Gabriel, uno de los que est\u00e1n en la presencia del Dios, y he sido enviado para comunicarle esta buena noticia. Pero por no haber cre\u00eddo a las palabras que le he dicho, se quedar\u00e1 mudo y no podr\u00e1 hablar hasta el d\u00eda en que sucedan estas cosas, que se cumplir\u00e1n todas a su tiempo\u00bb.<\/p>\n<p>El pueblo estaba esperando a que saliera Zacar\u00edas y se extra\u00f1aban que demorara tanto en aparecer. Cuando apareci\u00f3 no pod\u00eda hablarles, y se dieron cuenta de que hab\u00eda tenido alguna visi\u00f3n. \u00c9l les hablaba por se\u00f1as y estaba mudo.<\/p>\n<p>\u00abDespu\u00e9s Isabel concibi\u00f3 un hijo y estuvo oculta durante cinco meses (sin contar a los vecinos que iba a tener un ni\u00f1o)\u00bb. Y dec\u00eda: \u00abDios ha querido quitarme mi humillaci\u00f3n y se ha acordado de m\u00ed\u00bb.<\/p>\n<p>El \u00e1ngel Gabriel cont\u00f3 a Mar\u00eda Sant\u00edsima en el d\u00eda de la anunciaci\u00f3n, que Isabel iba a tener un hijo. Ella se fue corriendo a casa de Isabel y all\u00ed estuvo tres meses acompa\u00f1\u00e1ndola y ayud\u00e1ndole en todo, hasta que naci\u00f3 el ni\u00f1o Juan, cuyo nacimiento fue un verdadero acontecimiento.<\/p>\n","protected":false},"excerpt":{"rendered":"<p>La fama de estos dos santos se debe a que fueron los pap\u00e1s de San Juan Bautista. El nombre de Zacar\u00edas, significa: \u00abDios se acord\u00f3 de m\u00ed\u00bb. Isabel quiere decir: \u00abConsagrada a Dios\u00bb. La bella historia de estos dos santos esposos la cuenta San Lucas en el primer cap\u00edtulo de su evangelio. \u00abHubo en tiempos [&hellip;]<\/p>\n","protected":false},"author":1,"featured_media":0,"comment_status":"closed","ping_status":"closed","sticky":false,"template":"","format":"standard","meta":{"footnotes":""},"categories":[10],"tags":[],"class_list":["post-19634","post","type-post","status-publish","format-standard","hentry","category-informacion"],"_links":{"self":[{"href":"https:\/\/santamariadelapaz.org\/wp\/wp-json\/wp\/v2\/posts\/19634","targetHints":{"allow":["GET"]}}],"collection":[{"href":"https:\/\/santamariadelapaz.org\/wp\/wp-json\/wp\/v2\/posts"}],"about":[{"href":"https:\/\/santamariadelapaz.org\/wp\/wp-json\/wp\/v2\/types\/post"}],"author":[{"embeddable":true,"href":"https:\/\/santamariadelapaz.org\/wp\/wp-json\/wp\/v2\/users\/1"}],"replies":[{"embeddable":true,"href":"https:\/\/santamariadelapaz.org\/wp\/wp-json\/wp\/v2\/comments?post=19634"}],"version-history":[{"count":1,"href":"https:\/\/santamariadelapaz.org\/wp\/wp-json\/wp\/v2\/posts\/19634\/revisions"}],"predecessor-version":[{"id":56409,"href":"https:\/\/santamariadelapaz.org\/wp\/wp-json\/wp\/v2\/posts\/19634\/revisions\/56409"}],"wp:attachment":[{"href":"https:\/\/santamariadelapaz.org\/wp\/wp-json\/wp\/v2\/media?parent=19634"}],"wp:term":[{"taxonomy":"category","embeddable":true,"href":"https:\/\/santamariadelapaz.org\/wp\/wp-json\/wp\/v2\/categories?post=19634"},{"taxonomy":"post_tag","embeddable":true,"href":"https:\/\/santamariadelapaz.org\/wp\/wp-json\/wp\/v2\/tags?post=19634"}],"curies":[{"name":"wp","href":"https:\/\/api.w.org\/{rel}","templated":true}]}}