{"id":5049,"date":"2018-12-13T14:47:17","date_gmt":"2018-12-13T14:47:17","guid":{"rendered":"https:\/\/www.santamariadelapaz.org\/?page_id=5049"},"modified":"2024-01-04T15:18:53","modified_gmt":"2024-01-04T15:18:53","slug":"oraciones-para-todos-los-dias","status":"publish","type":"post","link":"https:\/\/santamariadelapaz.org\/wp\/oraciones-para-todos-los-dias\/","title":{"rendered":"Oraciones para todos los d\u00edas"},"content":{"rendered":"<p style=\"text-align: justify;\"><strong>Oraciones para todos los d\u00edas<\/strong><\/p>\n<p style=\"text-align: justify;\"><strong>\u00a0<\/strong><\/p>\n<ol style=\"text-align: justify;\">\n<li><strong> En el nombre del Padre, del Hijo y del Esp\u00edritu Santo. Am\u00e9n.<\/strong><\/li>\n<li><strong> Credo.<\/strong><\/li>\n<\/ol>\n<p style=\"text-align: justify;\">Creo en Dios, Padre Todopoderoso, Creador del cielo y de la tierra. Creo en Jesucristo, su \u00fanico Hijo, Nuestro Se\u00f1or, que fue concebido por obra y gracia del Esp\u00edritu Santo, naci\u00f3 de Santa Mar\u00eda Virgen,\u00a0 padeci\u00f3 bajo el poder de Poncio Pilato fue crucificado, muerto y sepultado,\u00a0 descendi\u00f3 a los infiernos, al tercer d\u00eda resucit\u00f3 de entre los muertos, subi\u00f3 a los cielos y est\u00e1 sentado a la derecha de Dios, Padre todopoderoso. Desde all\u00ed ha de venir a juzgar a vivos y muertos.\u00a0 Creo en el Esp\u00edritu Santo,\u00a0 la santa Iglesia cat\u00f3lica, la comuni\u00f3n de los santos, el perd\u00f3n de los pecados, la resurrecci\u00f3n de la carne y la vida eterna. Am\u00e9n.<\/p>\n<ol style=\"text-align: justify;\" start=\"3\">\n<li><strong> Acto de Consagraci\u00f3n.<\/strong><\/li>\n<\/ol>\n<p style=\"text-align: justify;\">Madre de los hombres y de los pueblos, Reina de Colombia y Madre de todos los colombianos, t\u00fa conoces todos nuestros sufrimientos y nuestras esperanzas, t\u00fa sientes maternalmente todas las luchas entre el bien y el mal, entre la luz y las tinieblas que sacuden al mundo. Acoge nuestro grito dirigido en el Esp\u00edritu Santo directamente a tu coraz\u00f3n y abraza con el amor de la madre y de la esclava del Se\u00f1or a todos los que m\u00e1s esperan este abrazo y al mismo tiempo a aquellos cuya entrega t\u00fa esperas de modo especial. Toma bajo tu protecci\u00f3n materna a toda la familia humana a la que con todo afecto Madre te confiamos. Que se acerque para todos el tiempo de la paz y de la libertad el tiempo de la verdad, de la justicia y de la esperanza.<\/p>\n<p style=\"text-align: justify;\">Te consagramos el mundo entero y todas las naciones del orbe y de modo especial a nuestra patria Colombia. El poder de esta Consagraci\u00f3n dura por siempre, abarca a todos los hombres,\u00a0 pueblos y naciones y supera el mal que el Esp\u00edritu de las tinieblas es capaz de sembrar en el coraz\u00f3n del hombre y en su historia y que de hecho ha sembrado en nuestro tiempo.<\/p>\n<p style=\"text-align: justify;\">Madre de la Iglesia ilumina al pueblo de Dios en los caminos de la fe, de la esperanza y de la caridad, ilumina especialmente a los pueblos cuya consagraci\u00f3n y ofrecimiento esperas de nosotros. Coraz\u00f3n Inmaculado ay\u00fadanos a vencer la amenaza del mal que tan f\u00e1cilmente se siembre en los corazones de los hombres de hoy y que con sus efectos inconmensurables pesa ya sobre la vida presente y da la impresi\u00f3n de cerrar el camino hacia el futuro. Am\u00e9n.<\/p>\n<ol style=\"text-align: justify;\" start=\"4\">\n<li><strong> Petici\u00f3n de las virtudes.<\/strong><\/li>\n<\/ol>\n<p style=\"text-align: justify;\">Te pido madre que alcances para m\u00ed la virtud de la fe. Gloria al Padre, al Hijo y al Esp\u00edritu Santo. Como era en un principio, ahora y siempre por los siglos de los siglos. Am\u00e9n.<\/p>\n<p style=\"text-align: justify;\">Te pido Madre que alcances para m\u00ed la virtud de la esperanza. Gloria al Padre, al Hijo y al Esp\u00edritu Santo. Como era en un principio, ahora y siempre por los siglos de los siglos. Am\u00e9n.<\/p>\n<p style=\"text-align: justify;\">Te pido Madre que alcanza es para m\u00ed la virtud de la caridad. Gloria al Padre, al Hijo y al Esp\u00edritu Santo. Como era en un principio, ahora y siempre por los siglos de los siglos. Am\u00e9n.<\/p>\n<p style=\"text-align: justify;\">Te pido Madre que alcances para m\u00ed la virtud de la humildad. Gloria al Padre, al Hijo y al Esp\u00edritu Santo. Como era en un principio, ahora y siempre por los siglos de los siglos. Am\u00e9n.<\/p>\n<p style=\"text-align: justify;\">Te pido Madre que alcances para m\u00ed la virtud de la paciencia. Gloria al Padre, al Hijo y al Esp\u00edritu Santo. Como era en un principio, ahora y siempre por los siglos de los siglos. Am\u00e9n.<\/p>\n<p style=\"text-align: justify;\">Te pido Madre que alcance es para m\u00ed la virtud de la perseverancia. Gloria al Padre, al Hijo y al Esp\u00edritu Santo. Como era en un principio, ahora y siempre por los siglos de los siglos. Am\u00e9n.<\/p>\n<p style=\"text-align: justify;\">Te pido Madre que alcances para m\u00ed la virtud de la obediencia. Gloria al Padre, al Hijo y al Esp\u00edritu Santo. Como era en un principio, ahora y siempre por los siglos de los siglos. Am\u00e9n.<\/p>\n<ol style=\"text-align: justify;\" start=\"5\">\n<li><strong> Padre nuestro\u2026<\/strong><\/li>\n<li><strong> Oraci\u00f3n al Esp\u00edritu Santo.<\/strong><\/li>\n<\/ol>\n<p style=\"text-align: justify;\">Ven Esp\u00edritu Santo ilumina mi coraz\u00f3n para ver las cosas que son de Dios. Ven Esp\u00edritu Santo dentro de mi alma, que yo le pertenezco solamente a Dios, santifica todo lo que yo piense, diga y haga para que todo sea para la gloria de Dios. Am\u00e9n.<\/p>\n","protected":false},"excerpt":{"rendered":"<p>Oraciones para todos los d\u00edas \u00a0 En el nombre del Padre, del Hijo y del Esp\u00edritu Santo. Am\u00e9n. Credo. Creo en Dios, Padre Todopoderoso, Creador del cielo y de la tierra. Creo en Jesucristo, su \u00fanico Hijo, Nuestro Se\u00f1or, que fue concebido por obra y gracia del Esp\u00edritu Santo, naci\u00f3 de Santa Mar\u00eda Virgen,\u00a0 padeci\u00f3 [&hellip;]<\/p>\n","protected":false},"author":1,"featured_media":0,"comment_status":"closed","ping_status":"closed","sticky":false,"template":"","format":"standard","meta":{"footnotes":""},"categories":[],"tags":[],"class_list":["post-5049","post","type-post","status-publish","format-standard","hentry"],"_links":{"self":[{"href":"https:\/\/santamariadelapaz.org\/wp\/wp-json\/wp\/v2\/posts\/5049","targetHints":{"allow":["GET"]}}],"collection":[{"href":"https:\/\/santamariadelapaz.org\/wp\/wp-json\/wp\/v2\/posts"}],"about":[{"href":"https:\/\/santamariadelapaz.org\/wp\/wp-json\/wp\/v2\/types\/post"}],"author":[{"embeddable":true,"href":"https:\/\/santamariadelapaz.org\/wp\/wp-json\/wp\/v2\/users\/1"}],"replies":[{"embeddable":true,"href":"https:\/\/santamariadelapaz.org\/wp\/wp-json\/wp\/v2\/comments?post=5049"}],"version-history":[{"count":1,"href":"https:\/\/santamariadelapaz.org\/wp\/wp-json\/wp\/v2\/posts\/5049\/revisions"}],"predecessor-version":[{"id":56268,"href":"https:\/\/santamariadelapaz.org\/wp\/wp-json\/wp\/v2\/posts\/5049\/revisions\/56268"}],"wp:attachment":[{"href":"https:\/\/santamariadelapaz.org\/wp\/wp-json\/wp\/v2\/media?parent=5049"}],"wp:term":[{"taxonomy":"category","embeddable":true,"href":"https:\/\/santamariadelapaz.org\/wp\/wp-json\/wp\/v2\/categories?post=5049"},{"taxonomy":"post_tag","embeddable":true,"href":"https:\/\/santamariadelapaz.org\/wp\/wp-json\/wp\/v2\/tags?post=5049"}],"curies":[{"name":"wp","href":"https:\/\/api.w.org\/{rel}","templated":true}]}}