{"id":7536,"date":"2019-02-19T15:35:37","date_gmt":"2019-02-19T15:35:37","guid":{"rendered":"https:\/\/www.santamariadelapaz.org\/?page_id=7536"},"modified":"2024-01-04T15:18:49","modified_gmt":"2024-01-04T15:18:49","slug":"8-de-febrero-san-jeronimo-emiliani","status":"publish","type":"post","link":"https:\/\/santamariadelapaz.org\/wp\/8-de-febrero-san-jeronimo-emiliani\/","title":{"rendered":"8 de Febrero San Jer\u00f3nimo Emiliani"},"content":{"rendered":"<p><a href=\"https:\/\/www.santamariadelapaz.org\/wp-content\/uploads\/2019\/02\/hsp0utcxfaxqgrpplxm4humotgrpplxm4humr.jpg\"><img loading=\"lazy\" decoding=\"async\" class=\"alignnone size-full wp-image-7537\" src=\"https:\/\/www.santamariadelapaz.org\/wp-content\/uploads\/2019\/02\/hsp0utcxfaxqgrpplxm4humotgrpplxm4humr.jpg\" alt=\"\" width=\"768\" height=\"432\" \/><\/a>De joven fue militar y lleg\u00f3 a ser comandante de las fuerzas que defend\u00eda la ciudad de Castelnouvo de Quero.Las fuerzas enemigas francesas, muy superiores en n\u00famero, lograron tomar a Castelnouvo y Jer\u00f3nimo cay\u00f3 prisionero, y encarcelado en un calabozo con cadenas en manos y pies. Y \u00e9ste fue el golpe de gracia para su conversi\u00f3n.<\/p>\n","protected":false},"excerpt":{"rendered":"<p>De joven fue militar y lleg\u00f3 a ser comandante de las fuerzas que defend\u00eda la ciudad de Castelnouvo de Quero.Las fuerzas enemigas francesas, muy superiores en n\u00famero, lograron tomar a Castelnouvo y Jer\u00f3nimo cay\u00f3 prisionero, y encarcelado en un calabozo con cadenas en manos y pies. Y \u00e9ste fue el golpe de gracia para su [&hellip;]<\/p>\n","protected":false},"author":1,"featured_media":0,"comment_status":"closed","ping_status":"closed","sticky":false,"template":"","format":"standard","meta":{"footnotes":""},"categories":[],"tags":[],"class_list":["post-7536","post","type-post","status-publish","format-standard","hentry"],"_links":{"self":[{"href":"https:\/\/santamariadelapaz.org\/wp\/wp-json\/wp\/v2\/posts\/7536","targetHints":{"allow":["GET"]}}],"collection":[{"href":"https:\/\/santamariadelapaz.org\/wp\/wp-json\/wp\/v2\/posts"}],"about":[{"href":"https:\/\/santamariadelapaz.org\/wp\/wp-json\/wp\/v2\/types\/post"}],"author":[{"embeddable":true,"href":"https:\/\/santamariadelapaz.org\/wp\/wp-json\/wp\/v2\/users\/1"}],"replies":[{"embeddable":true,"href":"https:\/\/santamariadelapaz.org\/wp\/wp-json\/wp\/v2\/comments?post=7536"}],"version-history":[{"count":1,"href":"https:\/\/santamariadelapaz.org\/wp\/wp-json\/wp\/v2\/posts\/7536\/revisions"}],"predecessor-version":[{"id":56119,"href":"https:\/\/santamariadelapaz.org\/wp\/wp-json\/wp\/v2\/posts\/7536\/revisions\/56119"}],"wp:attachment":[{"href":"https:\/\/santamariadelapaz.org\/wp\/wp-json\/wp\/v2\/media?parent=7536"}],"wp:term":[{"taxonomy":"category","embeddable":true,"href":"https:\/\/santamariadelapaz.org\/wp\/wp-json\/wp\/v2\/categories?post=7536"},{"taxonomy":"post_tag","embeddable":true,"href":"https:\/\/santamariadelapaz.org\/wp\/wp-json\/wp\/v2\/tags?post=7536"}],"curies":[{"name":"wp","href":"https:\/\/api.w.org\/{rel}","templated":true}]}}