{"id":7597,"date":"2019-02-19T18:37:20","date_gmt":"2019-02-19T18:37:20","guid":{"rendered":"https:\/\/www.santamariadelapaz.org\/?page_id=7597"},"modified":"2024-01-04T15:18:48","modified_gmt":"2024-01-04T15:18:48","slug":"26-de-febrero-san-porfirio-obispo","status":"publish","type":"post","link":"https:\/\/santamariadelapaz.org\/wp\/26-de-febrero-san-porfirio-obispo\/","title":{"rendered":"26 de Febrero San Porfirio obispo"},"content":{"rendered":"<p><a href=\"https:\/\/www.santamariadelapaz.org\/wp-content\/uploads\/2019\/02\/8837262661355ba7f14bfb9ac2d34fd2_XL.jpg\"><img loading=\"lazy\" decoding=\"async\" class=\"alignnone size-full wp-image-7598\" src=\"https:\/\/www.santamariadelapaz.org\/wp-content\/uploads\/2019\/02\/8837262661355ba7f14bfb9ac2d34fd2_XL.jpg\" alt=\"\" width=\"620\" height=\"344\" \/><\/a><\/p>\n<p>San Porfirio naci\u00f3 en Tesal\u00f3nica (aquella ciudad a la cual San Pablo escribi\u00f3 sus dos cartas a los tesalonicenses). Tesal\u00f3nica queda en Macedonia, y Macedonia est\u00e1 situada al norte de Grecia.<\/p>\n<p>A los 25 a\u00f1os dej\u00f3 su ciudad y su familia y se fue de monje a Egipto a rezar y meditar y hacer penitencia.<\/p>\n","protected":false},"excerpt":{"rendered":"<p>San Porfirio naci\u00f3 en Tesal\u00f3nica (aquella ciudad a la cual San Pablo escribi\u00f3 sus dos cartas a los tesalonicenses). Tesal\u00f3nica queda en Macedonia, y Macedonia est\u00e1 situada al norte de Grecia. A los 25 a\u00f1os dej\u00f3 su ciudad y su familia y se fue de monje a Egipto a rezar y meditar y hacer penitencia.<\/p>\n","protected":false},"author":1,"featured_media":0,"comment_status":"closed","ping_status":"closed","sticky":false,"template":"","format":"standard","meta":{"footnotes":""},"categories":[],"tags":[],"class_list":["post-7597","post","type-post","status-publish","format-standard","hentry"],"_links":{"self":[{"href":"https:\/\/santamariadelapaz.org\/wp\/wp-json\/wp\/v2\/posts\/7597","targetHints":{"allow":["GET"]}}],"collection":[{"href":"https:\/\/santamariadelapaz.org\/wp\/wp-json\/wp\/v2\/posts"}],"about":[{"href":"https:\/\/santamariadelapaz.org\/wp\/wp-json\/wp\/v2\/types\/post"}],"author":[{"embeddable":true,"href":"https:\/\/santamariadelapaz.org\/wp\/wp-json\/wp\/v2\/users\/1"}],"replies":[{"embeddable":true,"href":"https:\/\/santamariadelapaz.org\/wp\/wp-json\/wp\/v2\/comments?post=7597"}],"version-history":[{"count":1,"href":"https:\/\/santamariadelapaz.org\/wp\/wp-json\/wp\/v2\/posts\/7597\/revisions"}],"predecessor-version":[{"id":56101,"href":"https:\/\/santamariadelapaz.org\/wp\/wp-json\/wp\/v2\/posts\/7597\/revisions\/56101"}],"wp:attachment":[{"href":"https:\/\/santamariadelapaz.org\/wp\/wp-json\/wp\/v2\/media?parent=7597"}],"wp:term":[{"taxonomy":"category","embeddable":true,"href":"https:\/\/santamariadelapaz.org\/wp\/wp-json\/wp\/v2\/categories?post=7597"},{"taxonomy":"post_tag","embeddable":true,"href":"https:\/\/santamariadelapaz.org\/wp\/wp-json\/wp\/v2\/tags?post=7597"}],"curies":[{"name":"wp","href":"https:\/\/api.w.org\/{rel}","templated":true}]}}